{"id":219,"date":"2014-03-07T23:47:50","date_gmt":"2014-03-07T23:47:50","guid":{"rendered":"http:\/\/silo-aconcagua.tv\/?p=219"},"modified":"2015-05-19T05:45:35","modified_gmt":"2015-05-19T05:45:35","slug":"silo-un-hombre-extraordinario","status":"publish","type":"post","link":"https:\/\/www.silo-aconcagua.tv\/?p=219","title":{"rendered":"SILO. Un hombre extraordinario"},"content":{"rendered":"<p><iframe loading=\"lazy\" title=\"SILO. Un hombre extraordinario\" width=\"640\" height=\"360\" src=\"https:\/\/www.youtube.com\/embed\/TlqL8on5-VE?feature=oembed\" frameborder=\"0\" allow=\"accelerometer; autoplay; clipboard-write; encrypted-media; gyroscope; picture-in-picture; web-share\" referrerpolicy=\"strict-origin-when-cross-origin\" allowfullscreen><\/iframe><\/p>\n<p id=\"watch-uploader-info\"><strong>Published on\u00a0May 28, 2012<\/strong><\/p>\n<div id=\"watch-description-text\">\n<p id=\"eow-description\">ENCUENTRO CON UN HOMBRE NOTABLE. Documental sobre Silo.<\/p>\n<p>Producci\u00f3n Ejecutiva: Francisco Granella.<br \/>\nDirecci\u00f3n: Pablo Lav\u00edn.<br \/>\nAsistente de Producci\u00f3n: Ana L&#8217;Homme<\/p>\n<p>Enfrentada a un cambio, Catalina inicia un viaje al encuentro consigo misma. Lleva a\u00f1os habitando un mundo que ha heredado de sus padres, un sistema de ideas y experiencias en torno a la figura de un hombre y un pensamiento, Silo, que ella ha asumido de manera natural. Pero ahora, lejos de sus padres, ha llegado el momento de las preguntas fundamentales. El seguir tras la huella de sus propios pasos. Y en ese af\u00e1n decide realizar un viaje que la conecte directamente con el coraz\u00f3n de su existencia.<br \/>\nCatalina anota nombres y direcciones en una libreta antes de comenzar el viaje que la llevar\u00e1 a descubrir qui\u00e9n es en verdad Silo. No s\u00f3lo lo buscar\u00e1 en sus libros y grabaciones, tambi\u00e9n en los lugares que visit\u00f3 y, sobre todo, en el recuerdo de quienes lo conocieron, en las palabras de otros, en las historias que ir\u00e1 recogiendo.<br \/>\nArticulado por este recurso narrativo &#8211;el de Catalina y su viaje-, recogeremos testimonios de quienes conocieron a Silo a lo largo de su vida y recorreremos los lugares m\u00e1s emblem\u00e1ticos dentro de la vida de Mario Luis Rodr\u00edguez Cobos, fil\u00f3sofo, pensador y escritor argentino, gu\u00eda espiritual y fundador de la corriente de pensamiento conocida como Humanismo Universalista.<br \/>\nEl viaje de Catalina finalizar\u00e1 en Punta de Vacas, un lugar emblem\u00e1tico en la vida de Silo. Un territorio donde Catalina podr\u00e1 tener las respuestas que buscaba y muchas nuevas preguntas.<\/p>\n<\/div>\n","protected":false},"excerpt":{"rendered":"<p>Published on\u00a0May 28, 2012 ENCUENTRO CON UN HOMBRE NOTABLE. Documental sobre Silo. Producci\u00f3n Ejecutiva: Francisco Granella. Direcci\u00f3n: Pablo Lav\u00edn. Asistente de Producci\u00f3n: Ana L&#8217;Homme Enfrentada a un cambio, Catalina inicia un viaje al encuentro consigo misma. Lleva a\u00f1os habitando un mundo que ha heredado de sus padres, un sistema de ideas y experiencias en torno&#8230;<\/p>\n","protected":false},"author":1,"featured_media":221,"comment_status":"closed","ping_status":"closed","sticky":false,"template":"","format":"video","meta":{"footnotes":""},"categories":[2,10],"tags":[14,20,24,25],"class_list":["post-219","post","type-post","status-publish","format-video","has-post-thumbnail","hentry","category-artistic","category-testimonies","tag-documentary","tag-message","tag-silo","tag-siloism","post_format-post-format-video"],"_links":{"self":[{"href":"https:\/\/www.silo-aconcagua.tv\/index.php?rest_route=\/wp\/v2\/posts\/219","targetHints":{"allow":["GET"]}}],"collection":[{"href":"https:\/\/www.silo-aconcagua.tv\/index.php?rest_route=\/wp\/v2\/posts"}],"about":[{"href":"https:\/\/www.silo-aconcagua.tv\/index.php?rest_route=\/wp\/v2\/types\/post"}],"author":[{"embeddable":true,"href":"https:\/\/www.silo-aconcagua.tv\/index.php?rest_route=\/wp\/v2\/users\/1"}],"replies":[{"embeddable":true,"href":"https:\/\/www.silo-aconcagua.tv\/index.php?rest_route=%2Fwp%2Fv2%2Fcomments&post=219"}],"version-history":[{"count":1,"href":"https:\/\/www.silo-aconcagua.tv\/index.php?rest_route=\/wp\/v2\/posts\/219\/revisions"}],"predecessor-version":[{"id":1135,"href":"https:\/\/www.silo-aconcagua.tv\/index.php?rest_route=\/wp\/v2\/posts\/219\/revisions\/1135"}],"wp:featuredmedia":[{"embeddable":true,"href":"https:\/\/www.silo-aconcagua.tv\/index.php?rest_route=\/wp\/v2\/media\/221"}],"wp:attachment":[{"href":"https:\/\/www.silo-aconcagua.tv\/index.php?rest_route=%2Fwp%2Fv2%2Fmedia&parent=219"}],"wp:term":[{"taxonomy":"category","embeddable":true,"href":"https:\/\/www.silo-aconcagua.tv\/index.php?rest_route=%2Fwp%2Fv2%2Fcategories&post=219"},{"taxonomy":"post_tag","embeddable":true,"href":"https:\/\/www.silo-aconcagua.tv\/index.php?rest_route=%2Fwp%2Fv2%2Ftags&post=219"}],"curies":[{"name":"wp","href":"https:\/\/api.w.org\/{rel}","templated":true}]}}