{"id":2481,"date":"2018-11-12T17:28:15","date_gmt":"2018-11-12T17:28:15","guid":{"rendered":"https:\/\/www.silo-aconcagua.tv\/?p=2481"},"modified":"2019-01-24T16:55:16","modified_gmt":"2019-01-24T16:55:16","slug":"el-todo-micrometraje-448-mins","status":"publish","type":"post","link":"https:\/\/www.silo-aconcagua.tv\/?p=2481","title":{"rendered":"El Todo [Micrometraje] &#8211; The Whole &#8211; 4:48 mins"},"content":{"rendered":"<p><iframe loading=\"lazy\" src=\"https:\/\/www.youtube.com\/embed\/kSQSkYV2FNQ\" width=\"560\" height=\"315\" frameborder=\"0\" allowfullscreen=\"allowfullscreen\"><\/iframe><\/p>\n<div id=\"top-row\" class=\"style-scope ytd-video-secondary-info-renderer\">\n<p><a class=\"yt-simple-endpoint style-scope ytd-video-owner-renderer\" href=\"https:\/\/www.youtube.com\/user\/candymh79\" aria-label=\"Marta films\"><img decoding=\"async\" id=\"img\" class=\"style-scope yt-img-shadow\" src=\"https:\/\/yt3.ggpht.com\/a-\/AN66SAyj9lYJFs98ttwmOnzo2ElkOhv9Y23bWlM7BQ=s176-mo-c-c0xffffffff-rj-k-no\" alt=\"\" width=\"48\"><\/a><\/p>\n<div id=\"upload-info\" class=\"style-scope ytd-video-owner-renderer\">\n<div id=\"owner-container\" class=\"style-scope ytd-video-owner-renderer\"><a class=\"yt-simple-endpoint style-scope yt-formatted-string\" spellcheck=\"false\" href=\"https:\/\/www.youtube.com\/channel\/UCpwQT44r_4U21jVH8MQLctw\">Marta films<\/a><\/div>\n<p><span class=\"date style-scope ytd-video-secondary-info-renderer\">Published on Nov 3, 2018<\/span><\/p>\n<\/div>\n<div id=\"subscribe-button\" class=\"style-scope ytd-video-secondary-info-renderer\">&nbsp;<\/div>\n<\/div>\n<div id=\"content\" class=\"style-scope ytd-expander\">\n<div id=\"description\" class=\"style-scope ytd-video-secondary-info-renderer\">Escrito y dirigido por Candy Montenegro Producido por Marta Films Fotograf\u00eda y c\u00e1mara Den Rosas ALejandro Fil Drandich Sonido Roberto El negrito Briganti Edici\u00f3n y Dise\u00f1o Bruno Ruiz M\u00fasica original Asumo Protagonizado por Tavo Lando y Nicol\u00e1s Croce<\/div>\n<\/div>\n","protected":false},"excerpt":{"rendered":"<p>Marta films Published on Nov 3, 2018 &nbsp; Escrito y dirigido por Candy Montenegro Producido por Marta Films Fotograf\u00eda y c\u00e1mara Den Rosas ALejandro Fil Drandich Sonido Roberto El negrito Briganti Edici\u00f3n y Dise\u00f1o Bruno Ruiz M\u00fasica original Asumo Protagonizado por Tavo Lando y Nicol\u00e1s Croce<\/p>\n","protected":false},"author":1,"featured_media":2501,"comment_status":"closed","ping_status":"closed","sticky":false,"template":"","format":"video","meta":{"footnotes":""},"categories":[2,6],"tags":[181],"class_list":["post-2481","post","type-post","status-publish","format-video","has-post-thumbnail","hentry","category-artistic","category-message-2","tag-buenos-aires","post_format-post-format-video"],"_links":{"self":[{"href":"https:\/\/www.silo-aconcagua.tv\/index.php?rest_route=\/wp\/v2\/posts\/2481","targetHints":{"allow":["GET"]}}],"collection":[{"href":"https:\/\/www.silo-aconcagua.tv\/index.php?rest_route=\/wp\/v2\/posts"}],"about":[{"href":"https:\/\/www.silo-aconcagua.tv\/index.php?rest_route=\/wp\/v2\/types\/post"}],"author":[{"embeddable":true,"href":"https:\/\/www.silo-aconcagua.tv\/index.php?rest_route=\/wp\/v2\/users\/1"}],"replies":[{"embeddable":true,"href":"https:\/\/www.silo-aconcagua.tv\/index.php?rest_route=%2Fwp%2Fv2%2Fcomments&post=2481"}],"version-history":[{"count":4,"href":"https:\/\/www.silo-aconcagua.tv\/index.php?rest_route=\/wp\/v2\/posts\/2481\/revisions"}],"predecessor-version":[{"id":2671,"href":"https:\/\/www.silo-aconcagua.tv\/index.php?rest_route=\/wp\/v2\/posts\/2481\/revisions\/2671"}],"wp:featuredmedia":[{"embeddable":true,"href":"https:\/\/www.silo-aconcagua.tv\/index.php?rest_route=\/wp\/v2\/media\/2501"}],"wp:attachment":[{"href":"https:\/\/www.silo-aconcagua.tv\/index.php?rest_route=%2Fwp%2Fv2%2Fmedia&parent=2481"}],"wp:term":[{"taxonomy":"category","embeddable":true,"href":"https:\/\/www.silo-aconcagua.tv\/index.php?rest_route=%2Fwp%2Fv2%2Fcategories&post=2481"},{"taxonomy":"post_tag","embeddable":true,"href":"https:\/\/www.silo-aconcagua.tv\/index.php?rest_route=%2Fwp%2Fv2%2Ftags&post=2481"}],"curies":[{"name":"wp","href":"https:\/\/api.w.org\/{rel}","templated":true}]}}