{"id":616,"date":"2014-12-05T00:05:59","date_gmt":"2014-12-05T00:05:59","guid":{"rendered":"https:\/\/www.silo-aconcagua.tv\/?p=616"},"modified":"2015-01-21T17:37:56","modified_gmt":"2015-01-21T17:37:56","slug":"ceremonia-imposicion-noviembre-2014-627-min","status":"publish","type":"post","link":"https:\/\/www.silo-aconcagua.tv\/?p=616","title":{"rendered":"Ceremonia Imposicion noviembre 2014 &#8211; 6:27 min"},"content":{"rendered":"<p><iframe loading=\"lazy\" title=\"Ceremonia Imposicion noviembre 2014\" width=\"640\" height=\"360\" src=\"https:\/\/www.youtube.com\/embed\/bgee5aGj_2E?feature=oembed\" frameborder=\"0\" allow=\"accelerometer; autoplay; clipboard-write; encrypted-media; gyroscope; picture-in-picture; web-share\" referrerpolicy=\"strict-origin-when-cross-origin\" allowfullscreen><\/iframe><\/p>\n<div id=\"watch-uploader-info\"><strong class=\"watch-time-text\">Published on Dec 4, 2014<\/strong><\/div>\n<div id=\"watch-description-text\" class=\"\">\n<p id=\"eow-description\">Luego de un &#8220;dia de reflexi\u00f3n&#8221; e intercambio en Parque Manantiales, le pedimos a Karen si pod\u00eda hacer una ceremonia de Imposici\u00f3n, y ella nos pidi\u00f3 a cambio que hici\u00e9ramos el intercambio conjunto en la Sala, como pre\u00e1mbulo para la ceremonia, comentando que las ceremonias de Imposici\u00f3n se dan con mucha fuerza cuando hay una sinton\u00eda muy buena entre los part\u00edcipes. Adem\u00e1s se sumaron algunos amigos de otro grupo de estudio que estaba en el parque y ellos tambi\u00e9n participaron del intercambio.<br \/>\nLa ceremonia fue muy c\u00e1lida, muy quieta, muy compartida y sentida por todos, me atrevo a decir. Por primera vez en una ceremonia de este tipo me dediqu\u00e9 en parte a capturar im\u00e1genes en fotos y video, de modo de hacer llegar la experiencia a quienes no la conocen, y tambi\u00e9n a aquellos que la \u201cre-conocen\u201d.<br \/>\nFue un dia perfecto.<br \/>\nUn abrazo<br \/>\nRafa<\/p>\n<p><a class=\"yt-user-photo yt-uix-sessionlink     spf-link  g-hovercard\" href=\"https:\/\/www.youtube.com\/user\/elrafaga\" data-ytid=\"UCQ0q_lNxhNVZN-Z7S6XWNwg\" data-sessionlink=\"itct=\"><span class=\"video-thumb  yt-thumb yt-thumb-48 g-hovercard\" data-ytid=\"UCQ0q_lNxhNVZN-Z7S6XWNwg\"><span class=\"yt-thumb-square\"><span class=\"yt-thumb-clip\"><img loading=\"lazy\" decoding=\"async\" style=\"margin: 0px; padding: 0px; border: 0px; font-size: 13px; outline: none; display: inline-block; vertical-align: middle; background: transparent;\" src=\"https:\/\/yt3.ggpht.com\/-3nUuo42nSDE\/AAAAAAAAAAI\/AAAAAAAAAAA\/W5BEZjhJYJs\/s88-c-k-no\/photo.jpg\" alt=\"&lt;a href=&quot;\/channel\/UCQ0q_lNxhNVZN-Z7S6XWNwg&quot; class=&quot; yt-uix-sessionlink     spf-link  g-hovercard&quot; data-ytid=&quot;UCQ0q_lNxhNVZN-Z7S6XWNwg&quot; data-sessionlink=&quot;ei=5PWAVLiwBszH-gOh1YDABw&quot; data-name=&quot;&quot;&gt;Rafael Edwards&lt;\/a&gt;\" width=\"48\" height=\"48\" \/> <\/span><\/span><\/span><\/a><\/p>\n<div class=\"yt-user-info\"><a class=\" yt-uix-sessionlink     spf-link  g-hovercard\" href=\"https:\/\/www.youtube.com\/channel\/UCQ0q_lNxhNVZN-Z7S6XWNwg\" data-ytid=\"UCQ0q_lNxhNVZN-Z7S6XWNwg\" data-sessionlink=\"ei=5PWAVLiwBszH-gOh1YDABw\" data-name=\"\">Rafael Edwards<\/a><\/div>\n<p>&nbsp;<\/p>\n<\/div>\n","protected":false},"excerpt":{"rendered":"<p>Published on Dec 4, 2014 Luego de un &#8220;dia de reflexi\u00f3n&#8221; e intercambio en Parque Manantiales, le pedimos a Karen si pod\u00eda hacer una ceremonia de Imposici\u00f3n, y ella nos pidi\u00f3 a cambio que hici\u00e9ramos el intercambio conjunto en la Sala, como pre\u00e1mbulo para la ceremonia, comentando que las ceremonias de Imposici\u00f3n se dan con&#8230;<\/p>\n","protected":false},"author":1,"featured_media":645,"comment_status":"closed","ping_status":"closed","sticky":false,"template":"","format":"video","meta":{"footnotes":""},"categories":[3,5,7],"tags":[],"class_list":["post-616","post","type-post","status-publish","format-video","has-post-thumbnail","hentry","category-ceremonies","category-messengers","category-parks","post_format-post-format-video"],"_links":{"self":[{"href":"https:\/\/www.silo-aconcagua.tv\/index.php?rest_route=\/wp\/v2\/posts\/616","targetHints":{"allow":["GET"]}}],"collection":[{"href":"https:\/\/www.silo-aconcagua.tv\/index.php?rest_route=\/wp\/v2\/posts"}],"about":[{"href":"https:\/\/www.silo-aconcagua.tv\/index.php?rest_route=\/wp\/v2\/types\/post"}],"author":[{"embeddable":true,"href":"https:\/\/www.silo-aconcagua.tv\/index.php?rest_route=\/wp\/v2\/users\/1"}],"replies":[{"embeddable":true,"href":"https:\/\/www.silo-aconcagua.tv\/index.php?rest_route=%2Fwp%2Fv2%2Fcomments&post=616"}],"version-history":[{"count":1,"href":"https:\/\/www.silo-aconcagua.tv\/index.php?rest_route=\/wp\/v2\/posts\/616\/revisions"}],"predecessor-version":[{"id":617,"href":"https:\/\/www.silo-aconcagua.tv\/index.php?rest_route=\/wp\/v2\/posts\/616\/revisions\/617"}],"wp:featuredmedia":[{"embeddable":true,"href":"https:\/\/www.silo-aconcagua.tv\/index.php?rest_route=\/wp\/v2\/media\/645"}],"wp:attachment":[{"href":"https:\/\/www.silo-aconcagua.tv\/index.php?rest_route=%2Fwp%2Fv2%2Fmedia&parent=616"}],"wp:term":[{"taxonomy":"category","embeddable":true,"href":"https:\/\/www.silo-aconcagua.tv\/index.php?rest_route=%2Fwp%2Fv2%2Fcategories&post=616"},{"taxonomy":"post_tag","embeddable":true,"href":"https:\/\/www.silo-aconcagua.tv\/index.php?rest_route=%2Fwp%2Fv2%2Ftags&post=616"}],"curies":[{"name":"wp","href":"https:\/\/api.w.org\/{rel}","templated":true}]}}